{"id":8452,"date":"2019-09-22T19:21:27","date_gmt":"2019-09-22T22:21:27","guid":{"rendered":"https:\/\/esperanto.tur.br\/?p=8452"},"modified":"2019-09-22T19:49:10","modified_gmt":"2019-09-22T22:49:10","slug":"pacotes-de-viagens-para-o-8o-ercor-anapolis-go","status":"publish","type":"post","link":"https:\/\/esperanto.tur.br\/eo\/pacotes-de-viagens-para-o-8o-ercor-anapolis-go\/","title":{"rendered":"Pacotes de viagens para o 8\u00ba ERCOR &#8211; An\u00e1polis &#8211; GO"},"content":{"rendered":"<h4>Pacotes para o 8\u00ba ERCOR<\/h4>\n\n\n\n<p><strong>LOCAL DO ENCONTRO:<\/strong> Escola Bezerra de Menezes,  Rua Getulino Artiaga, 350 \u2013 Centro &#8211; An\u00e1polis &#8211; GO<\/p>\n\n\n\n<p><strong>PER\u00cdODO:<\/strong> 25 a 27 de outubro de 2019<\/p>\n\n\n\n<h4><strong>Viagem (\u00d4nibus ou Van)<\/strong><\/h4>\n\n\n\n<p> IDA Dia; 25\/10 Hora: 10 h Local: Teatro Nacional<br> VOLTA Dia: 27\/10 Hora: 10 h Local: Hotel Itamaraty e Central<br> PRE\u00c7O: R$100,00 (ida e volta)<br> IDA Dia; 25\/10 Hora: 10 h Local: Teatro Nacional<br> VOLTA Dia: 27\/10 Hora: 10 h Local: Hotel Itamaraty e Central<br> PRE\u00c7O: R$100,00 (ida e volta)<\/p>\n\n\n\n<h4>Hospedagem<\/h4>\n\n\n\n<p>Hotel Itamaraty ou Hotel Central (ambos ficam a 1.200 metros do local do Encontro.<\/p>\n\n\n\n<h4><strong>Pre\u00e7os da di\u00e1ria por pessoa.<\/strong><\/h4>\n\n\n\n<p><strong> Hotel Itamaraty<\/strong> (<a href=\"http:\/\/www.itamaratyhotel.com.br\/home\">Informa\u00e7\u00f5es sobre o Hotel<\/a>)<br> SGL R$140,00<br> DBL R$ 80,00<br> TPL R$ 70,00<br> QPL R$ 60,00<\/p>\n\n\n\n<p><strong>Hotel Central<\/strong> (<a href=\"http:\/\/www.booking.com\/Share-g24xbH\">Informa\u00e7\u00f5es sobre o Hotel<\/a>)<br> SGL R$75,00<br> DBL R$ 60,00<br> TPL R$ 55,00<br> QPL R$ 55,00<\/p>\n\n\n\n<p><strong> Contatos<\/strong><br> <br> a.rebelato@yahoo.com.br<br> contato@esperanto.tur.br<\/p>\n\n\n\n<p> <strong>Pelos telefones<\/strong><\/p>\n\n\n\n<p>(61)3367-3357 ou (61) 99370-7475.<\/p>","protected":false},"excerpt":{"rendered":"<p>Pacotes para o 8\u00ba ERCOR LOCAL DO ENCONTRO: Escola Bezerra de Menezes, Rua Getulino Artiaga, 350 \u2013 Centro &#8211; An\u00e1polis &#8211; GO PER\u00cdODO: 25 a 27 de outubro de 2019 Viagem (\u00d4nibus ou Van) IDA Dia; 25\/10 Hora: 10 h Local: Teatro Nacional VOLTA Dia: 27\/10 Hora: 10 h Local: Hotel Itamaraty e Central PRE\u00c7O: [&hellip;]<\/p>","protected":false},"author":1,"featured_media":0,"comment_status":"open","ping_status":"open","sticky":false,"template":"","format":"standard","meta":[],"categories":[2],"tags":[],"_links":{"self":[{"href":"https:\/\/esperanto.tur.br\/eo\/wp-json\/wp\/v2\/posts\/8452"}],"collection":[{"href":"https:\/\/esperanto.tur.br\/eo\/wp-json\/wp\/v2\/posts"}],"about":[{"href":"https:\/\/esperanto.tur.br\/eo\/wp-json\/wp\/v2\/types\/post"}],"author":[{"embeddable":true,"href":"https:\/\/esperanto.tur.br\/eo\/wp-json\/wp\/v2\/users\/1"}],"replies":[{"embeddable":true,"href":"https:\/\/esperanto.tur.br\/eo\/wp-json\/wp\/v2\/comments?post=8452"}],"version-history":[{"count":6,"href":"https:\/\/esperanto.tur.br\/eo\/wp-json\/wp\/v2\/posts\/8452\/revisions"}],"predecessor-version":[{"id":8552,"href":"https:\/\/esperanto.tur.br\/eo\/wp-json\/wp\/v2\/posts\/8452\/revisions\/8552"}],"wp:attachment":[{"href":"https:\/\/esperanto.tur.br\/eo\/wp-json\/wp\/v2\/media?parent=8452"}],"wp:term":[{"taxonomy":"category","embeddable":true,"href":"https:\/\/esperanto.tur.br\/eo\/wp-json\/wp\/v2\/categories?post=8452"},{"taxonomy":"post_tag","embeddable":true,"href":"https:\/\/esperanto.tur.br\/eo\/wp-json\/wp\/v2\/tags?post=8452"}],"curies":[{"name":"wp","href":"https:\/\/api.w.org\/{rel}","templated":true}]}}